{"id":1630,"date":"2018-09-14T11:26:27","date_gmt":"2018-09-14T09:26:27","guid":{"rendered":"http:\/\/laquila.mdc.ist\/?p=1630"},"modified":"2024-05-22T10:28:51","modified_gmt":"2024-05-22T08:28:51","slug":"evviva-la-nostra-vecchia-scuola","status":"publish","type":"post","link":"https:\/\/laquila.mdc.ist\/?p=1630","title":{"rendered":"Evviva la nostra \u201cvecchia\u201d scuola"},"content":{"rendered":"\n<figure class=\"wp-block-image size-large\"><img loading=\"lazy\" decoding=\"async\" width=\"1024\" height=\"505\" src=\"https:\/\/laquila.mdc.ist\/wp-content\/uploads\/2018\/09\/FT-SITO-2024-1-1024x505.jpg\" alt=\"\" class=\"wp-image-3391\" srcset=\"https:\/\/laquila.mdc.ist\/wp-content\/uploads\/2018\/09\/FT-SITO-2024-1-1024x505.jpg 1024w, https:\/\/laquila.mdc.ist\/wp-content\/uploads\/2018\/09\/FT-SITO-2024-1-300x148.jpg 300w, https:\/\/laquila.mdc.ist\/wp-content\/uploads\/2018\/09\/FT-SITO-2024-1-768x379.jpg 768w, https:\/\/laquila.mdc.ist\/wp-content\/uploads\/2018\/09\/FT-SITO-2024-1-1536x757.jpg 1536w, https:\/\/laquila.mdc.ist\/wp-content\/uploads\/2018\/09\/FT-SITO-2024-1-710x350.jpg 710w, https:\/\/laquila.mdc.ist\/wp-content\/uploads\/2018\/09\/FT-SITO-2024-1.jpg 2000w\" sizes=\"(max-width: 1024px) 100vw, 1024px\" \/><\/figure>\n\n\n<p style=\"text-align: justify;\" align=\"JUSTIFY\"><span style=\"font-family: Tahoma, sans-serif;\">A nove anni dal sisma la nostra scuola torna nella sua amata \u201cVecchia\u201d sede di Fuori Porta Leoni.<br \/><\/span><span style=\"font-family: Tahoma, sans-serif;\">Dopo il rientro della comunit\u00e0 religiosa scolastica avvenuto lo scorso 13 giugno 12018, l\u2019inaugurazione in festa, alla presenza delle autorit\u00e0 civili e religiose, delle tante consorelle giunte da ogni parte di Italia, delle tante famiglie e dei tanti amici e conoscenti, alunni ed ex alunni, \u00e8 la volta degli alunni e delle famiglie che insieme a tutto il personale docente e non docente, torna a vivere l\u2019avventura educativa , come ai \u201c vecchi\u201d tempi, nella scuola in Via Atri, ( Fuori Porta Leoni). La scuola non \u00e8 pi\u00f9 la stessa, al suo posto c\u2019\u00e8 un nuovo edificio pi\u00f9 sicuro, moderno e accogliente, ma il calore umano, la gioia di educare e formare alla vita \u00e8 sempre tanta e soprattutto \u00e8 contagiosa\u2026 dunque a tutti: docenti alunni e famiglie buon rientro e buon inizio in questa nostra nuova avventura.<\/span><\/p>\n<p style=\"text-align: right;\" align=\"JUSTIFY\">Le Suore MDC<\/p><div class=\"pdfprnt-buttons pdfprnt-buttons-post pdfprnt-bottom-right\"><a href=\"https:\/\/laquila.mdc.ist\/index.php?rest_route=wpv2posts1630&print=pdf\" class=\"pdfprnt-button pdfprnt-button-pdf\" target=\"_blank\"><img decoding=\"async\" src=\"https:\/\/laquila.mdc.ist\/wp-content\/plugins\/pdf-print\/images\/pdf.png\" alt=\"image_pdf\" title=\"Visualizza PDF\" \/><\/a><a href=\"https:\/\/laquila.mdc.ist\/index.php?rest_route=wpv2posts1630&print=print\" class=\"pdfprnt-button pdfprnt-button-print\" target=\"_blank\"><img decoding=\"async\" src=\"https:\/\/laquila.mdc.ist\/wp-content\/plugins\/pdf-print\/images\/print.png\" alt=\"image_print\" title=\"Stampa contenuto\" \/><\/a><\/div>","protected":false},"excerpt":{"rendered":"<p>A nove anni dal sisma la nostra scuola torna nella sua amata \u201cVecchia\u201d sede di Fuori Porta Leoni.Dopo il rientro della comunit\u00e0 religiosa scolastica avvenuto&#8230;<\/p>\n","protected":false},"author":1,"featured_media":3391,"comment_status":"closed","ping_status":"open","sticky":false,"template":"","format":"standard","meta":{"ngg_post_thumbnail":0,"footnotes":""},"categories":[15,11],"tags":[],"table_tags":[],"_links":{"self":[{"href":"https:\/\/laquila.mdc.ist\/index.php?rest_route=\/wp\/v2\/posts\/1630"}],"collection":[{"href":"https:\/\/laquila.mdc.ist\/index.php?rest_route=\/wp\/v2\/posts"}],"about":[{"href":"https:\/\/laquila.mdc.ist\/index.php?rest_route=\/wp\/v2\/types\/post"}],"author":[{"embeddable":true,"href":"https:\/\/laquila.mdc.ist\/index.php?rest_route=\/wp\/v2\/users\/1"}],"replies":[{"embeddable":true,"href":"https:\/\/laquila.mdc.ist\/index.php?rest_route=%2Fwp%2Fv2%2Fcomments&post=1630"}],"version-history":[{"count":3,"href":"https:\/\/laquila.mdc.ist\/index.php?rest_route=\/wp\/v2\/posts\/1630\/revisions"}],"predecessor-version":[{"id":3392,"href":"https:\/\/laquila.mdc.ist\/index.php?rest_route=\/wp\/v2\/posts\/1630\/revisions\/3392"}],"wp:featuredmedia":[{"embeddable":true,"href":"https:\/\/laquila.mdc.ist\/index.php?rest_route=\/wp\/v2\/media\/3391"}],"wp:attachment":[{"href":"https:\/\/laquila.mdc.ist\/index.php?rest_route=%2Fwp%2Fv2%2Fmedia&parent=1630"}],"wp:term":[{"taxonomy":"category","embeddable":true,"href":"https:\/\/laquila.mdc.ist\/index.php?rest_route=%2Fwp%2Fv2%2Fcategories&post=1630"},{"taxonomy":"post_tag","embeddable":true,"href":"https:\/\/laquila.mdc.ist\/index.php?rest_route=%2Fwp%2Fv2%2Ftags&post=1630"},{"taxonomy":"table_tags","embeddable":true,"href":"https:\/\/laquila.mdc.ist\/index.php?rest_route=%2Fwp%2Fv2%2Ftable_tags&post=1630"}],"curies":[{"name":"wp","href":"https:\/\/api.w.org\/{rel}","templated":true}]}}